{"id":1858,"date":"2015-10-31T21:59:13","date_gmt":"2015-10-31T15:59:13","guid":{"rendered":"http:\/\/ligiaamadio.net\/a\/?p=1858"},"modified":"2015-10-31T17:22:16","modified_gmt":"2015-10-31T17:22:16","slug":"so-carlos-gomes-reencontro-espiritual-com-sua-musica-2","status":"publish","type":"post","link":"http:\/\/ligiaamadio.net\/a\/so-carlos-gomes-reencontro-espiritual-com-sua-musica-2\/","title":{"rendered":"S\u00d3 CARLOS GOMES &#8211; REENCONTRO ESPIRITUAL COM SUA M\u00daSICA"},"content":{"rendered":"<p>&#8220;Aproximamo-nos, curiosos, da Pedreira do Chapad\u00e3o, na expectativa de rever o lugar, onde assisti pela primeira vez, em Campinas, uma \u00f3pera ao ar livre &#8211; a \u201cAida\u201d de Giuseppi Verdi, contempor\u00e2neo de Carlos Gomes. Chegamos com anteced\u00eancia no local, para verificar as condi\u00e7\u00f5es do espet\u00e1culo: alguns m\u00fasicos j\u00e1 estavam ali, aguardando para testar o som. O local j\u00e1 estava montado, bem abaixo da ferradura de pedras naturais, que circundavam um palco, montado e armado com todo o arsenal ac\u00fastico necess\u00e1rio para um resultado favor\u00e1vel a um\u00a0\u00a0evento de tanta import\u00e2ncia.<\/p>\n<p>\u00c9 preciso saber que, agora, n\u00e3o mais Carlos Gomes \u00e9 comemorado e espremido em uma \u00fanica semana, mas se estende por todo o m\u00eas de setembro e se espalha por m\u00faltiplos espa\u00e7os, o que resultou em despertar a popula\u00e7\u00e3o, maci\u00e7amente, para a genialidade da m\u00fasica de Carlos Gomes, quase ignorada, por mais de um s\u00e9culo, na sua pr\u00f3pria terra. O que o salvou, durante tanto tempo, foi o esfor\u00e7o das associa\u00e7\u00f5es culturais, e o empenho de diferentes administra\u00e7\u00f5es, a teimosa perman\u00eancia da sua semana e a excel\u00eancia da nossa Orquestra Municipal, aprimorada pelas oportunidades de ser regida pelos maiores maestros do pa\u00eds e do Mundo, o que resultou, na verdade, em uma viv\u00eancia internacional.\u00a0\u00a0A \u201cSemana\u201d foi substituida pela atividade intensa de um m\u00eas inteiro, no qual a orquestra ter\u00e1 , a partir de agora, import\u00e2ncia fundamental para que se produza Carlos Gomes no que tem de mais significativo &#8211; a \u00d3pera &#8211; que atrair\u00e1, com certeza, um p\u00fablico despertado, com certeza, pelo carinho com que vem sendo apresentada, na excel\u00eancia da nossa orquestra municipal, import\u00e2ncia e genialidade da m\u00fasica de nosso conterr\u00e2neo.\u00a0\u00a0Efetivamente, n\u00e3o esper\u00e1vamos que esse concerto na Pedreira do Chapad\u00e3o nos trouxesse t\u00e3o fortes e inesquec\u00edveis emo\u00e7\u00f5es.<\/p>\n<p><a href=\"http:\/\/ligiaamadio.net\/a\/wp-content\/uploads\/2015\/10\/078_Ligia_Amadio_OSMC_Foto_Isabela_Senatore.jpg\"><img loading=\"lazy\" decoding=\"async\" class=\"alignnone size-full wp-image-1859\" src=\"http:\/\/ligiaamadio.net\/a\/wp-content\/uploads\/2015\/10\/078_Ligia_Amadio_OSMC_Foto_Isabela_Senatore.jpg\" alt=\"078_Ligia_Amadio_OSMC_Foto_Isabela_Senatore\" width=\"640\" height=\"427\" srcset=\"http:\/\/ligiaamadio.net\/a\/wp-content\/uploads\/2015\/10\/078_Ligia_Amadio_OSMC_Foto_Isabela_Senatore.jpg 640w, http:\/\/ligiaamadio.net\/a\/wp-content\/uploads\/2015\/10\/078_Ligia_Amadio_OSMC_Foto_Isabela_Senatore-300x200.jpg 300w\" sizes=\"auto, (max-width: 640px) 100vw, 640px\" \/><\/a><\/p>\n<p>Come\u00e7ou com a incerteza do tempo, que talvez haja afastado alguns temerosos de enfrentar uma chuva. Mas, de repente, n\u00e3o mais que de repente, o Tempo parou! Nem vento, nem garoa, nem nuvem, nem nenhum sinal de instabilidade&#8230;\u00a0 A Lua Cheia, branca e brilhante, dominava o C\u00e9u. E se fez Sil\u00eancio!<\/p>\n<p><a href=\"http:\/\/ligiaamadio.net\/a\/wp-content\/uploads\/2015\/10\/IMG_20591.jpg\"><img loading=\"lazy\" decoding=\"async\" class=\"alignnone size-full wp-image-1863\" src=\"http:\/\/ligiaamadio.net\/a\/wp-content\/uploads\/2015\/10\/IMG_20591.jpg\" alt=\"Vers\u00e3o 2\" width=\"640\" height=\"480\" srcset=\"http:\/\/ligiaamadio.net\/a\/wp-content\/uploads\/2015\/10\/IMG_20591.jpg 640w, http:\/\/ligiaamadio.net\/a\/wp-content\/uploads\/2015\/10\/IMG_20591-300x225.jpg 300w\" sizes=\"auto, (max-width: 640px) 100vw, 640px\" \/><\/a><\/p>\n<p>E todos ficaram fascinados pela mulher loura e linda que fez dos seus gestos de regente um verdadeiro\u00a0\u00a0poema para poder mostrar, em toda a sua integridade, os trechos escolhidos de \u00f3peras de Carlos Gomes. Come\u00e7ou com a abertura da Fosca, antecipando sua\u00a0\u00a0trag\u00e9dia, com a melodia triste\u00a0\u00a0e solit\u00e1ria da flauta, evocando o romantismo t\u00e3o usual da \u00e9poca de Carlos Gomes e de Verdi,\u00a0\u00a0que representam, sem d\u00favida, a alma sofrida da \u00f3pera italiana e a inova\u00e7\u00e3o carism\u00e1tica do car\u00e1ter mesti\u00e7o de Carlos Gomes, que marcou toda a oper\u00edstica gomesiana, em plena It\u00e1lia. E a mulher, loura, a Ligia regente, foi tomada pela emo\u00e7\u00e3o que a m\u00fasica lhe inspirava. Falava, eloq\u00fcente, no inicio de cada trecho, apresentando um bar\u00edtono, um tenor e uma soprano, despertando no p\u00fablico uma curiosidade consciente, do personagem que representavam.<\/p>\n<p><a href=\"http:\/\/ligiaamadio.net\/a\/wp-content\/uploads\/2015\/10\/IMG_20421.jpg\"><img loading=\"lazy\" decoding=\"async\" class=\"alignnone size-full wp-image-1861\" src=\"http:\/\/ligiaamadio.net\/a\/wp-content\/uploads\/2015\/10\/IMG_20421.jpg\" alt=\"IMG_20421\" width=\"640\" height=\"480\" srcset=\"http:\/\/ligiaamadio.net\/a\/wp-content\/uploads\/2015\/10\/IMG_20421.jpg 640w, http:\/\/ligiaamadio.net\/a\/wp-content\/uploads\/2015\/10\/IMG_20421-300x225.jpg 300w\" sizes=\"auto, (max-width: 640px) 100vw, 640px\" \/><\/a><\/p>\n<p>E a sensa\u00e7\u00e3o que nos transmitiu, com sua convic\u00e7\u00e3o, \u00e9 de que Carlos Gomes estava ali, vivo, viv\u00edssimo, atrav\u00e9s da sua m\u00fasica, reflexo final do entusiasmo do menino humilde, filho de Maneco m\u00fasico, que regia a Banda do interior de S\u00e3o Paulo. Mas o Tonico de Campinas, que acreditava no seu talento, conquistou, na sua humildade, o Mundo da \u00f3pera na Italia, acreditando firmemente no seu destino de m\u00fasica. O concerto prosseguiu num entusiasmo crescente, com o p\u00fablico se desmanchando em aplausos e bravos ao fim de cada trecho. Campinas come\u00e7ava a entender o seu g\u00eanio e a reconhecer nele algu\u00e9m que, acima de tudo, teve a coragem de levar para o refinado povo europeu o \u00edndio, a selva tropical, a for\u00e7a ind\u00f4mita do amor entre as ra\u00e7as, superando preconceitos e espalhando o amor entre os povos e fazendo assim, atrav\u00e9s da for\u00e7a nova da sua m\u00fasica, a maior e mais duradoura influ\u00eancia do seu pa\u00eds pelo mundo afora.<\/p>\n<p><a href=\"http:\/\/ligiaamadio.net\/a\/wp-content\/uploads\/2015\/10\/IMG_20531.jpg\"><img loading=\"lazy\" decoding=\"async\" class=\"alignnone size-full wp-image-1860\" src=\"http:\/\/ligiaamadio.net\/a\/wp-content\/uploads\/2015\/10\/IMG_20531.jpg\" alt=\"IMG_20531\" width=\"640\" height=\"480\" srcset=\"http:\/\/ligiaamadio.net\/a\/wp-content\/uploads\/2015\/10\/IMG_20531.jpg 640w, http:\/\/ligiaamadio.net\/a\/wp-content\/uploads\/2015\/10\/IMG_20531-300x225.jpg 300w\" sizes=\"auto, (max-width: 640px) 100vw, 640px\" \/><\/a><\/p>\n<p>Ao fim do concerto,\u00a0\u00a0a eterna Niza Tank, nos seus oitenta anos, com sua voz de p\u00e1ssaro, o concerto se encerrou, tendo mostrado, em alguns momentos, inesperadamente, coreografias\u00a0\u00a0vivas das\u00a0\u00a0mariposas nativas,\u00a0\u00a0como que atra\u00eddas pela m\u00fasica, sobrevoando palco e artistas. Niza cantou\u00a0\u00a0\u00a0\u201cQuem Sabe?\u201d, acompanhada tamb\u00e9m pelas vozes emocionadas do p\u00fablico. Este, com certeza, foi um concerto raro, que deixou evidente a\u00a0\u00a0genialidade de CARLOS GOMES!!!\u00a0\u00a0Para n\u00f3s, a for\u00e7a m\u00e1gica da m\u00fasica de CARLOS GOMES! Para n\u00f3s, depois deste setembro cheio de perspectivas, a sua m\u00fasica e a sua \u00d3pera estar\u00e3o salvas. E que Deus as aben\u00e7oe para sempre!&#8221;<\/p>\n<p>Cr\u00f4nica de L\u00e9a Ziggiatti<\/p>\n<p><a href=\"http:\/\/ligiaamadio.net\/a\/wp-content\/uploads\/2015\/10\/190_Ligia_Amadio_OSMC_Foto_Isabela_Senatore1.jpg\"><img loading=\"lazy\" decoding=\"async\" class=\"alignnone size-full wp-image-1862\" src=\"http:\/\/ligiaamadio.net\/a\/wp-content\/uploads\/2015\/10\/190_Ligia_Amadio_OSMC_Foto_Isabela_Senatore1.jpg\" alt=\"190_Ligia_Amadio_OSMC_Foto_Isabela_Senatore1\" width=\"640\" height=\"427\" srcset=\"http:\/\/ligiaamadio.net\/a\/wp-content\/uploads\/2015\/10\/190_Ligia_Amadio_OSMC_Foto_Isabela_Senatore1.jpg 640w, http:\/\/ligiaamadio.net\/a\/wp-content\/uploads\/2015\/10\/190_Ligia_Amadio_OSMC_Foto_Isabela_Senatore1-300x200.jpg 300w\" sizes=\"auto, (max-width: 640px) 100vw, 640px\" \/><\/a><\/p>\n","protected":false},"excerpt":{"rendered":"<p>&#8220;Aproximamo-nos, curiosos, da Pedreira do Chapad\u00e3o, na expectativa de rever o lugar, onde [&hellip;]<\/p>\n","protected":false},"author":1,"featured_media":1859,"comment_status":"open","ping_status":"open","sticky":false,"template":"","format":"standard","meta":{"footnotes":""},"categories":[21],"tags":[],"class_list":["post-1858","post","type-post","status-publish","format-standard","has-post-thumbnail","hentry","category-blog"],"_links":{"self":[{"href":"http:\/\/ligiaamadio.net\/a\/wp-json\/wp\/v2\/posts\/1858","targetHints":{"allow":["GET"]}}],"collection":[{"href":"http:\/\/ligiaamadio.net\/a\/wp-json\/wp\/v2\/posts"}],"about":[{"href":"http:\/\/ligiaamadio.net\/a\/wp-json\/wp\/v2\/types\/post"}],"author":[{"embeddable":true,"href":"http:\/\/ligiaamadio.net\/a\/wp-json\/wp\/v2\/users\/1"}],"replies":[{"embeddable":true,"href":"http:\/\/ligiaamadio.net\/a\/wp-json\/wp\/v2\/comments?post=1858"}],"version-history":[{"count":2,"href":"http:\/\/ligiaamadio.net\/a\/wp-json\/wp\/v2\/posts\/1858\/revisions"}],"predecessor-version":[{"id":1866,"href":"http:\/\/ligiaamadio.net\/a\/wp-json\/wp\/v2\/posts\/1858\/revisions\/1866"}],"wp:featuredmedia":[{"embeddable":true,"href":"http:\/\/ligiaamadio.net\/a\/wp-json\/wp\/v2\/media\/1859"}],"wp:attachment":[{"href":"http:\/\/ligiaamadio.net\/a\/wp-json\/wp\/v2\/media?parent=1858"}],"wp:term":[{"taxonomy":"category","embeddable":true,"href":"http:\/\/ligiaamadio.net\/a\/wp-json\/wp\/v2\/categories?post=1858"},{"taxonomy":"post_tag","embeddable":true,"href":"http:\/\/ligiaamadio.net\/a\/wp-json\/wp\/v2\/tags?post=1858"}],"curies":[{"name":"wp","href":"https:\/\/api.w.org\/{rel}","templated":true}]}}